[{"@context":"https:\/\/schema.org\/","@type":"Article","@id":"https:\/\/www.klacr.cz\/a-nezapomente-ve-svem-byte-na-hru-barev\/#Article","mainEntityOfPage":"https:\/\/www.klacr.cz\/a-nezapomente-ve-svem-byte-na-hru-barev\/","headline":"A nezapome\u0148te ve sv\u00e9m byt\u011b na hru barev","name":"A nezapome\u0148te ve sv\u00e9m byt\u011b na hru barev","description":"Bytov\u00fd design v Praze https:\/\/bydesign.cz\/ je slu\u017eba, kter\u00e1 z va\u0161eho p\u0159\u00edbytku vytvo\u0159\u00ed skute\u010dn\u00e9 bydlen\u00ed. Design\u00e9\u0159i toti\u017e maj\u00ed schopnost vn\u00edmat obytn\u00fd prostor pon\u011bkud odli\u0161n\u011b, ne\u017e my ostatn\u00ed, a dovedou mnohdy p\u0159ij\u00edt s n\u00e1padem, je\u017e v\u00e1m obrazn\u011b \u0159e\u010deno obr\u00e1t\u00ed sv\u011bt naruby. Sami pak zjist\u00edte, \u017ee v\u00e1\u0161 st\u00e1vaj\u00edc\u00ed n\u00e1bytek je nevyhovuj\u00edc\u00ed, anebo z n\u011bj pou\u017eijete pouze \u010d\u00e1st, a&hellip;","datePublished":"2024-08-13","dateModified":"2024-08-13","author":{"@type":"Person","@id":"https:\/\/www.klacr.cz\/author\/#Person","name":"","url":"https:\/\/www.klacr.cz\/author\/","identifier":1,"image":{"@type":"ImageObject","@id":"https:\/\/secure.gravatar.com\/avatar\/b682f75cb96d085fca5fbc8ca3f08e323444e236f6e6028585b73de81c46f711?s=96&d=mm&r=g","url":"https:\/\/secure.gravatar.com\/avatar\/b682f75cb96d085fca5fbc8ca3f08e323444e236f6e6028585b73de81c46f711?s=96&d=mm&r=g","height":96,"width":96}},"publisher":{"@type":"Organization","name":"klacr.cz","logo":{"@type":"ImageObject","@id":"\/logo.png","url":"\/logo.png","width":600,"height":60}},"image":{"@type":"ImageObject","@id":"https:\/\/www.klacr.cz\/wp-content\/uploads\/bedroom-6577523_640_7.jpg","url":"https:\/\/www.klacr.cz\/wp-content\/uploads\/bedroom-6577523_640_7.jpg","height":0,"width":0},"url":"https:\/\/www.klacr.cz\/a-nezapomente-ve-svem-byte-na-hru-barev\/","about":["D\u016fm"],"wordCount":420,"articleBody":"        Bytov\u00fd design v Praze https:\/\/bydesign.cz\/ je slu\u017eba, kter\u00e1 z va\u0161eho p\u0159\u00edbytku vytvo\u0159\u00ed skute\u010dn\u00e9 bydlen\u00ed. Design\u00e9\u0159i toti\u017e maj\u00ed schopnost vn\u00edmat obytn\u00fd prostor pon\u011bkud odli\u0161n\u011b, ne\u017e my ostatn\u00ed, a dovedou mnohdy p\u0159ij\u00edt s n\u00e1padem, je\u017e v\u00e1m obrazn\u011b \u0159e\u010deno obr\u00e1t\u00ed sv\u011bt naruby. Sami pak zjist\u00edte, \u017ee v\u00e1\u0161 st\u00e1vaj\u00edc\u00ed n\u00e1bytek je nevyhovuj\u00edc\u00ed, anebo z n\u011bj pou\u017eijete pouze \u010d\u00e1st, a zbytek nahrad\u00edte n\u011b\u010d\u00edm \u00fapln\u011b jin\u00fdm. Rozm\u00edst\u011bn\u00ed n\u00e1bytku, bytov\u00fdch dekorac\u00ed a dal\u0161\u00edch prvk\u016f v obytn\u00e9m prost\u0159ed\u00ed v\u0161ak nen\u00ed jedin\u00e1 zbra\u0148 design\u00e9ra, ve h\u0159e je tak\u00e9 souhra barev, jejich vz\u00e1jemn\u00e1 kompozice, a na tu bychom se nyn\u00ed r\u00e1di zam\u011b\u0159ili.Barvy do \u017eivota pat\u0159\u00ed \u2013 v\u00edte, pro\u010d se mal\u00e9 d\u011bti obklopuj\u00ed barvami? Proto\u017ee jsou pro n\u011b p\u0159irozen\u00e9 a ponur\u00e9 barvy naopak d\u011bti vn\u00edmaj\u00ed velmi nelib\u011b, b\u00fdvaj\u00ed neurotick\u00e9, pla\u010dtiv\u00e9, nepokojn\u00e9 \u010di dokonce apatick\u00e9 nebo naopak agresivn\u00ed. Dosp\u011bl\u00ed lid\u00e9 reaguj\u00ed podobn\u011b, jen si to necht\u011bj\u00ed p\u0159ipustit. Pr\u00e1v\u011b proto bychom se m\u011bli barvami obklopit v\u0161ude, kde je to jen mo\u017en\u00e9, a to nejen v oble\u010den\u00ed, ale i v byt\u011b. Design\u00e9\u0159i um\u00ed \u010darovat s barvami, znaj\u00ed jejich soulad i kontrastn\u00ed protiklady a mohou v\u00e1m d\u00e1t p\u0159\u00edklad, jak\u00e1 barva by se hodila zrovna do va\u0161eho p\u0159\u00edbytku.Barvy jako v\u00fdraz teploty a energetick\u00fdch drah \u2013 studen\u00e9 barvy (modr\u00e1, zelen\u00e1, b\u00edl\u00e1 a fialov\u00e1) se sp\u00ed\u0161e hod\u00ed do slunn\u00fdch prostor a tepl\u00e9 barvy naopak do m\u00edst chladn\u00fdch, nap\u0159\u00edklad s okny na sever. Barvou lze tak\u00e9 vyj\u00e1d\u0159it souvzta\u017enost s energetick\u00fdmi t\u011blesn\u00fdmi drahami \u2013 \u010derven\u00e1 je z\u00e1kladn\u00ed \u010dakra chodidel a kostr\u010de, oran\u017eov\u00e1 souvzta\u017e\u00ed s pohlavn\u00edmi org\u00e1ny, \u017elut\u00e1 s oblast\u00ed \u017ealudku a ostatn\u00edch tr\u00e1vic\u00edch org\u00e1n\u016f, zelen\u00e1 se srdcem a pl\u00edcemi, modr\u00e1 s oblast\u00ed krku (hlasivky, komunikace) a fialov\u00e1 s \u010dinnost\u00ed mozku a nervov\u00e9 soustavy. Vyhn\u011bte se \u010dern\u00e9 \u2013 Libu\u0161ka \u0160afr\u00e1nkov\u00e1 v televizn\u00edm filmu \u201eZa sv\u011bdka p\u016fjde po\u010d\u00edta\u010d\u201c z roku 1987 prohl\u00e1s\u00ed, \u017ee \u010dern\u00e1 nen\u00ed barva, \u017ee je to jen tma, a m\u00e1 pravdu, proto\u017ee nen\u00ed sou\u010d\u00e1st\u00ed barevn\u00e9ho sv\u011bteln\u00e9ho spektra. \u010cern\u00e1 naopak barvy pohlcuje a vysloven\u011b vys\u00e1v\u00e1 i energii z na\u0161\u00ed aury. Rozumn\u00e9 je \u010dernou v\u00fdrazn\u011b omezit v obl\u00e9k\u00e1n\u00ed i v bydlen\u00ed.                                                                                                                                                                                                                                                                                                                                                                                                  "},{"@context":"https:\/\/schema.org\/","@type":"BreadcrumbList","itemListElement":[{"@type":"ListItem","position":1,"name":"A nezapome\u0148te ve sv\u00e9m byt\u011b na hru barev","item":"https:\/\/www.klacr.cz\/a-nezapomente-ve-svem-byte-na-hru-barev\/#breadcrumbitem"}]}]