[{"@context":"https:\/\/schema.org\/","@type":"Article","@id":"https:\/\/www.klacr.cz\/co-by-mel-obsahovat-vas-blog\/#Article","mainEntityOfPage":"https:\/\/www.klacr.cz\/co-by-mel-obsahovat-vas-blog\/","headline":"Co by m\u011bl obsahovat v\u00e1\u0161 blog","name":"Co by m\u011bl obsahovat v\u00e1\u0161 blog","description":"Pokud vlastn\u00edte blog, je d\u016fle\u017eit\u00fd obsah, av\u0161ak pokud se v n\u011bm chcete d\u00e1le rozv\u00edjet, stejn\u011b d\u016fle\u017eit\u00e1 je i estetick\u00e1 str\u00e1nka a mo\u017enosti, kter\u00e9 blog nab\u00edz\u00ed. Pokud chcete svoji n\u00e1v\u0161t\u011bvnost jen zvy\u0161ovat, je t\u0159eba v\u011bd\u011bt p\u00e1r z\u00e1kladn\u00edch informac\u00ed, kter\u00e1 v\u00e1m v tomto ohledu pomohou. Prvn\u00edm bodem jsou fotografie. Je spr\u00e1vn\u011b, kdy\u017e blog obsahuje fotografie. Nejl\u00e9pe va\u0161e&hellip;","datePublished":"2019-06-26","dateModified":"2019-06-26","author":{"@type":"Person","@id":"https:\/\/www.klacr.cz\/author\/#Person","name":"","url":"https:\/\/www.klacr.cz\/author\/","identifier":1,"image":{"@type":"ImageObject","@id":"https:\/\/secure.gravatar.com\/avatar\/b682f75cb96d085fca5fbc8ca3f08e323444e236f6e6028585b73de81c46f711?s=96&d=mm&r=g","url":"https:\/\/secure.gravatar.com\/avatar\/b682f75cb96d085fca5fbc8ca3f08e323444e236f6e6028585b73de81c46f711?s=96&d=mm&r=g","height":96,"width":96}},"publisher":{"@type":"Organization","name":"klacr.cz","logo":{"@type":"ImageObject","@id":"\/logo.png","url":"\/logo.png","width":600,"height":60}},"image":{"@type":"ImageObject","@id":"https:\/\/www.klacr.cz\/wp-content\/uploads\/img_a347335_w2952_t1561576002.jpg","url":"https:\/\/www.klacr.cz\/wp-content\/uploads\/img_a347335_w2952_t1561576002.jpg","height":0,"width":0},"url":"https:\/\/www.klacr.cz\/co-by-mel-obsahovat-vas-blog\/","wordCount":441,"articleBody":"Pokud vlastn\u00edte blog, je d\u016fle\u017eit\u00fd obsah, av\u0161ak pokud se v n\u011bm chcete d\u00e1le rozv\u00edjet, stejn\u011b d\u016fle\u017eit\u00e1 je i estetick\u00e1 str\u00e1nka a mo\u017enosti, kter\u00e9 blog nab\u00edz\u00ed. Pokud chcete svoji n\u00e1v\u0161t\u011bvnost jen zvy\u0161ovat, je t\u0159eba v\u011bd\u011bt p\u00e1r z\u00e1kladn\u00edch informac\u00ed, kter\u00e1 v\u00e1m v tomto ohledu pomohou.  Prvn\u00edm bodem jsou fotografie. Je spr\u00e1vn\u011b, kdy\u017e blog obsahuje fotografie. Nejl\u00e9pe va\u0161e vlastn\u00ed, ale pokud takovou mo\u017enost nem\u00e1te, nebo sami nechcete, d\u00e1vejte si pozor na to, abyste fotografii mohli pou\u017e\u00edt. Fotografie v obou p\u0159\u00edpadech by m\u011bly b\u00fdt kvalitn\u00ed a vztahovat se k \u010dl\u00e1nku. Outfitov\u00e9 fotografie jsou hezk\u00e9, av\u0161ak pokud p\u00ed\u0161ete \u010dl\u00e1nek o l\u00ed\u010den\u00ed, nebo n\u011bjakou hlubokou \u00favahu, p\u0159\u00edli\u0161 se k tomu nehod\u00ed. Pokud jsou fotografie rozm\u011brov\u011b p\u0159\u00edli\u0161 velk\u00e9, nebojte se je trochu zmen\u0161it, aby se nena\u010d\u00edtaly p\u0159\u00edli\u0161 dlouho a tak\u00e9 to s nimi nep\u0159eh\u00e1n\u011bjte. Rozhodn\u011b se soust\u0159e\u010fte na text. Procvi\u010dte si pravopis, \u010dl\u00e1nky si po sob\u011b kontrolujte, jinak \u010dten\u00e1\u0159 rychle ztrat\u00ed z\u00e1jem. Pokud p\u0159\u00edli\u0161 pravopis nezvl\u00e1d\u00e1te, dejte jej p\u0159ekontrolovat n\u011bkomu jin\u00e9mu. Pokud nechcete m\u00edt z blogu pohromu a nechcete, aby v\u00e1m jej n\u011bkdo neust\u00e1le kritizoval. Tento bod je jedn\u00edm z nejd\u016fle\u017eit\u011bj\u0161\u00edch.  Menu by m\u011bl obsahovat ka\u017ed\u00fd blog. Je v\u00edcem\u00e9n\u011b jedno, na jakou stranu ho um\u00edst\u00edte. M\u011bl by v\u0161ak obsahovat kolonku s vyhled\u00e1va\u010dem, pokud si pot\u0159ebuje \u010dten\u00e1\u0159 n\u011bco naj\u00edt. Tak\u00e9 by se n\u011bkde m\u011bly objevit rubriky, kter\u00e9 v\u00edce nasm\u011bruj\u00ed \u010dten\u00e1\u0159e k \u010dl\u00e1nk\u016fm. Pokud se soust\u0159ed\u00ed pouze na jednu slo\u017eku va\u0161eho blogu, umo\u017en\u011bte mu si prohl\u00ed\u017eet v\u00edce ne\u017e jeden \u010dl\u00e1nek. Stejn\u011b tak je dobr\u00e9 vlo\u017eit do menu kr\u00e1tk\u00fd text o v\u00e1s, aby m\u011bl \u010dten\u00e1\u0159 p\u0159ehled a p\u0159\u00edpadn\u011b odkaz na dal\u0161\u00ed soci\u00e1ln\u00ed s\u00edt\u011b, aby v\u00e1s mohl sledovat. Pokud blog propojujete s instagramem a o nov\u00fdch \u010dl\u00e1nc\u00edch informujete skrz n\u011bj, nebo obsahuje informace nav\u00edc, je dobr\u00e9 umo\u017enit mu sledovat i va\u0161i soci\u00e1ln\u00ed s\u00ed\u0165. Takt\u00e9\u017e m\u016f\u017eete p\u0159idat kolonku o sledov\u00e1n\u00ed va\u0161eho blogu, tak\u017ee pokud vyd\u00e1te nov\u00fd \u010dl\u00e1nek, m\u016f\u017ee lidem p\u0159ij\u00edt upozorn\u011bn\u00ed na email. Se v\u0161emi t\u011bmito body jste polo\u017eili dobr\u00fd z\u00e1klad pro v\u00e1\u0161 blog.                                                                                                                                                                                                                                                                                                                                                                                                 "},{"@context":"https:\/\/schema.org\/","@type":"BreadcrumbList","itemListElement":[{"@type":"ListItem","position":1,"name":"Co by m\u011bl obsahovat v\u00e1\u0161 blog","item":"https:\/\/www.klacr.cz\/co-by-mel-obsahovat-vas-blog\/#breadcrumbitem"}]}]