[{"@context":"https:\/\/schema.org\/","@type":"Article","@id":"https:\/\/www.klacr.cz\/dovolena-v-tuzemsku-s-pronajatym-autem\/#Article","mainEntityOfPage":"https:\/\/www.klacr.cz\/dovolena-v-tuzemsku-s-pronajatym-autem\/","headline":"Dovolen\u00e1 v tuzemsku s pronajat\u00fdm autem","name":"Dovolen\u00e1 v tuzemsku s pronajat\u00fdm autem","description":"Pl\u00e1nujete dovolenou a chcete tentokr\u00e1t zam\u00ed\u0159it do \u010cesk\u00e9 republiky, do n\u011bkter\u00e9 z rekrea\u010dn\u00edch oblast\u00ed, abyste se vyhnuli cestovn\u00edmu martyriu v leti\u0161tn\u00ed odbavovac\u00ed hale? Pak bychom v\u00e1m mohli doporu\u010dit je\u0161t\u011b n\u011bco \u2013 pron\u00e1jem vozidla z nejlevn\u011bj\u0161\u00ed autop\u016fj\u010dovny v Praze. Nez\u00e1vislost na j\u00edzdn\u00edch \u0159\u00e1dech \u2013 jestli\u017ee se v\u00e1m nevyplat\u00ed nebo nem\u00e1te nyn\u00ed mo\u017enost vlastnit osobn\u00ed automobil a&hellip;","datePublished":"2025-02-11","dateModified":"2025-02-11","author":{"@type":"Person","@id":"https:\/\/www.klacr.cz\/author\/#Person","name":"","url":"https:\/\/www.klacr.cz\/author\/","identifier":1,"image":{"@type":"ImageObject","@id":"https:\/\/secure.gravatar.com\/avatar\/b682f75cb96d085fca5fbc8ca3f08e323444e236f6e6028585b73de81c46f711?s=96&d=mm&r=g","url":"https:\/\/secure.gravatar.com\/avatar\/b682f75cb96d085fca5fbc8ca3f08e323444e236f6e6028585b73de81c46f711?s=96&d=mm&r=g","height":96,"width":96}},"publisher":{"@type":"Organization","name":"klacr.cz","logo":{"@type":"ImageObject","@id":"\/logo.png","url":"\/logo.png","width":600,"height":60}},"image":{"@type":"ImageObject","@id":"https:\/\/www.klacr.cz\/wp-content\/uploads\/snow-1281636_640_5.jpg","url":"https:\/\/www.klacr.cz\/wp-content\/uploads\/snow-1281636_640_5.jpg","height":0,"width":0},"url":"https:\/\/www.klacr.cz\/dovolena-v-tuzemsku-s-pronajatym-autem\/","about":["Slu\u017eby"],"wordCount":400,"articleBody":"      Pl\u00e1nujete dovolenou a chcete tentokr\u00e1t zam\u00ed\u0159it do \u010cesk\u00e9 republiky, do n\u011bkter\u00e9 z rekrea\u010dn\u00edch oblast\u00ed, abyste se vyhnuli cestovn\u00edmu martyriu v leti\u0161tn\u00ed odbavovac\u00ed hale? Pak bychom v\u00e1m mohli doporu\u010dit je\u0161t\u011b n\u011bco \u2013 pron\u00e1jem vozidla z nejlevn\u011bj\u0161\u00ed autop\u016fj\u010dovny v Praze. Nez\u00e1vislost na j\u00edzdn\u00edch \u0159\u00e1dech \u2013 jestli\u017ee se v\u00e1m nevyplat\u00ed nebo nem\u00e1te nyn\u00ed mo\u017enost vlastnit osobn\u00ed automobil a jste p\u0159i cestov\u00e1n\u00ed pln\u011b z\u00e1visl\u00ed na hromadn\u00e9 doprav\u011b, pak tu mus\u00edte po\u010d\u00edtat se dv\u011bma z\u00e1sadn\u00edmi faktory. Za prv\u00e9 tu sd\u00edl\u00edte sv\u00e9 soukrom\u00ed s ciz\u00edmi lidmi ve vlakov\u00e9m kup\u00e9 nebo na sedadlech v autobusu, co\u017e nemus\u00ed b\u00fdt v\u017edy zrovna p\u0159\u00edjemn\u00e9, a za druh\u00e9 jste omezeni j\u00edzdn\u00edmi \u0159\u00e1dy. Mus\u00edte je nejen sledovat, ale tak\u00e9 se jimi \u0159\u00eddit. Mus\u00edte se zkr\u00e1tka p\u0159izp\u016fsobit vy jim, ne ony v\u00e1m. Ne v\u0161echny spoje na sebe dokonale navazuj\u00ed, n\u011bkde m\u00e1te zbyte\u010dn\u00e9 prostoje a jinde v\u00e1m t\u0159eba autobus ujede p\u0159ed nosem. S pronajat\u00fdm autem m\u00e1te klid, organizujete si sv\u016fj \u010das podle sv\u00e9ho, jak v\u00e1m to vyhovuje.Dobr\u00fd technick\u00fd stav vozu \u2013 vozidla z autop\u016fj\u010dovny b\u00fdvaj\u00ed v perfektn\u00edm technick\u00e9m stavu, a jestli\u017ee p\u0159ece jen dojde k n\u011bjak\u00e9 technick\u00e9 z\u00e1vad\u011b nebo k autonehod\u011b, m\u00e1te k dispozici asisten\u010dn\u00ed slu\u017ebu. Nemus\u00edte se tedy zaj\u00edmat o technickou kontrolu STK, ne\u0159e\u0161\u00edte v\u00fdm\u011bnu pneumatik a provozn\u00edch kapalin nebo n\u00e1hradn\u00edch d\u00edl\u016f. Z\u00e1rove\u0148 m\u00e1te k dispozici platnou d\u00e1lni\u010dn\u00ed zn\u00e1mku pro cestov\u00e1n\u00ed na d\u00e1lni\u010dn\u00edch \u00fasec\u00edch.V\u016fz je k dispozici po cel\u00fd rok \u2013 zna\u010dnou v\u00fdhodou autop\u016fj\u010doven je, jestli\u017ee nab\u00edz\u00ed sv\u016fj vozov\u00fd park po cel\u00fd kalend\u00e1\u0159n\u00ed rok. Jakmile se pak rozhodnete vybrat si dovolenou t\u0159eba mimo hlavn\u00ed turistickou sez\u00f3nu a objedn\u00e1te-li si v\u016fz v p\u0159edstihu, m\u016f\u017eete si voln\u00fd t\u00fdden u\u017e\u00edt t\u0159eba v kv\u011btnu nebo koncem z\u00e1\u0159\u00ed. Anebo chcete-li pro\u017e\u00edt dovolenou v zim\u011b na hor\u00e1ch, pro\u010d ne? Pouze byste m\u011bli pamatovat na p\u0159\u00edpadnou nep\u0159\u00edze\u0148 po\u010das\u00ed a m\u00edt k dispozici sn\u011bhov\u00e9 \u0159et\u011bzy.                                                                                                                                                                                                                                                                                                                                                                                                  "},{"@context":"https:\/\/schema.org\/","@type":"BreadcrumbList","itemListElement":[{"@type":"ListItem","position":1,"name":"Dovolen\u00e1 v tuzemsku s pronajat\u00fdm autem","item":"https:\/\/www.klacr.cz\/dovolena-v-tuzemsku-s-pronajatym-autem\/#breadcrumbitem"}]}]