[{"@context":"https:\/\/schema.org\/","@type":"Article","@id":"https:\/\/www.klacr.cz\/myjeme-okna\/#Article","mainEntityOfPage":"https:\/\/www.klacr.cz\/myjeme-okna\/","headline":"Myjeme okna","name":"Myjeme okna","description":"Pro n\u011bkoho je myt\u00ed oken velk\u00e1 otrava a tuto \u010dinnost vykon\u00e1v\u00e1 jen s\u00a0velk\u00fdm sebezap\u0159en\u00edm. N\u011bkdo si \u00faklid oken, zvl\u00e1\u0161\u0165 na ja\u0159e, skute\u010dn\u011b vychutn\u00e1v\u00e1. Nem\u016f\u017ee se do\u010dkat prvn\u00edch jarn\u00edch tepl\u00fdch dn\u016f, kdy p\u0159es k\u0159i\u0161\u0165\u00e1lov\u011b vy\u010di\u0161t\u011bn\u00e1 okna uvid\u00ed na probouzej\u00edc\u00ed se p\u0159\u00edrodu na zahrad\u011b. Na myt\u00ed oken m\u016f\u017eeme pou\u017e\u00edt r\u016fzn\u00e9 zp\u016fsoby: Ekologick\u00e9 Kdo r\u00e1d ukl\u00edz\u00ed s\u00a0co nejmen\u0161\u00edmi&hellip;","datePublished":"2020-02-21","dateModified":"2020-02-21","author":{"@type":"Person","@id":"https:\/\/www.klacr.cz\/author\/#Person","name":"","url":"https:\/\/www.klacr.cz\/author\/","identifier":1,"image":{"@type":"ImageObject","@id":"https:\/\/secure.gravatar.com\/avatar\/b682f75cb96d085fca5fbc8ca3f08e323444e236f6e6028585b73de81c46f711?s=96&d=mm&r=g","url":"https:\/\/secure.gravatar.com\/avatar\/b682f75cb96d085fca5fbc8ca3f08e323444e236f6e6028585b73de81c46f711?s=96&d=mm&r=g","height":96,"width":96}},"publisher":{"@type":"Organization","name":"klacr.cz","logo":{"@type":"ImageObject","@id":"\/logo.png","url":"\/logo.png","width":600,"height":60}},"image":{"@type":"ImageObject","@id":"https:\/\/www.klacr.cz\/wp-content\/uploads\/img_a370082_w4301_t1581867285.jpg","url":"https:\/\/www.klacr.cz\/wp-content\/uploads\/img_a370082_w4301_t1581867285.jpg","height":0,"width":0},"url":"https:\/\/www.klacr.cz\/myjeme-okna\/","about":["D\u016fm"],"wordCount":428,"articleBody":"Pro n\u011bkoho je myt\u00ed oken velk\u00e1 otrava a tuto \u010dinnost vykon\u00e1v\u00e1 jen s\u00a0velk\u00fdm sebezap\u0159en\u00edm. N\u011bkdo si \u00faklid oken, zvl\u00e1\u0161\u0165 na ja\u0159e, skute\u010dn\u011b vychutn\u00e1v\u00e1. Nem\u016f\u017ee se do\u010dkat prvn\u00edch jarn\u00edch tepl\u00fdch dn\u016f, kdy p\u0159es k\u0159i\u0161\u0165\u00e1lov\u011b vy\u010di\u0161t\u011bn\u00e1 okna uvid\u00ed na probouzej\u00edc\u00ed se p\u0159\u00edrodu na zahrad\u011b.Na myt\u00ed oken m\u016f\u017eeme pou\u017e\u00edt r\u016fzn\u00e9 zp\u016fsoby:Ekologick\u00e9 Kdo r\u00e1d ukl\u00edz\u00ed s\u00a0co nejmen\u0161\u00edmi n\u00e1klady, jist\u011b si myt\u00ed oken zp\u0159\u00edjemn\u00ed ut\u011brkou z\u00a0mikrovl\u00e1ken, takzvanou \u0161v\u00e9dskou ut\u011brkou. Tento jednoduch\u00fd u\u017eite\u010dn\u00fd pomocn\u00edk n\u00e1m okna umyje pouze pomoc\u00ed \u010dist\u00e9 vody. Sta\u010d\u00ed ut\u011brku namo\u010dit do kybl\u00edku s\u00a0vodou, vy\u017ed\u00edmat a ji\u017e m\u016f\u017eete m\u00fdt okna. Velmi jemn\u00e1 mikrovl\u00e1kna na sebe nav\u00e1\u017e\u00ed ve\u0161kerou \u0161p\u00ednu z\u00a0oken a p\u0159i n\u00e1sledn\u00e9m vym\u00e1ch\u00e1n\u00ed ji zase p\u0159edaj\u00ed kybl\u00edku s\u00a0vodou.P\u0159i \u00fadr\u017eb\u011b ut\u011brek z\u00a0mikrovl\u00e1kna je t\u0159eba dodr\u017eovat ur\u010dit\u00e1 pravidla:&#8211; ut\u011brku nikdy neperte s\u00a0aviv\u00e1\u017e\u00ed, p\u0159i jej\u00edm pou\u017eit\u00ed by se znehodnotil \u00fa\u010dinek mikrovl\u00e1ken a nemohla by na sebe nav\u00e1zat ne\u010distoty-p\u0159i pou\u017eit\u00ed ut\u011brky nesm\u00edte pou\u017e\u00edvat sapon\u00e1t, ut\u011brka by se s\u00a0nimi stala nefunk\u010dn\u00ed&#8211; na pran\u00ed ut\u011brky je nejvhodn\u011bj\u0161\u00ed tukov\u00e9 m\u00fddlo ur\u010den\u00e9 pro ru\u010dn\u00ed pran\u00ed.Tradi\u010dn\u00ed Jin\u00fdm l\u00e9ty osv\u011bd\u010den\u00fdm zp\u016fsobem je okna um\u00fdt nejd\u0159\u00edve teplou vodou s\u00a0p\u0159\u00edm\u011bs\u00ed sapon\u00e1tu a po jeho uschnut\u00ed okna vyle\u0161tit. P\u0159\u00edpravky na le\u0161t\u011bn\u00ed jsou v\u011bt\u0161inou slo\u017eeny z\u00a0amoniaku, alkoholu a tenzid\u016f. Okna vyc\u00edd\u00ed do vysok\u00e9ho lesku.\u00a0Z\u00a0dal\u0161\u00ed kategorie \u010disti\u010d\u016f jsou tady p\u0159\u00edpravky 2 v\u00a01, m\u016f\u017eete je pou\u017e\u00edt v\u00a0jednom kroku, okna z\u00e1rove\u0148 umyj\u00ed i vyle\u0161t\u00ed.\u00a0 \u010cisti\u010d nalejete do kybl\u00edku s\u00a0vodou a hadrem okna st\u00edr\u00e1te.Pokud byste cht\u011bli, aby v\u00e1m umyt\u00e1 okna vydr\u017eela dlouho \u010dist\u00e1 a \u0161mouh, pou\u017eijte \u010disti\u010de, kter\u00e9 v\u00a0sob\u011b maj\u00ed impregnaci, kter\u00e1 zabr\u00e1n\u00ed op\u011btovn\u00e9mu v\u00fdskytu usazovan\u00ed ne\u010distot a vy nebudete muset okna tak \u010dasto m\u00fdt.V\u00fdrobci tak\u00e9 p\u0159i\u0161li s\u00a0novinkami v\u00a0podob\u011b \u010distic\u00edch p\u0159\u00edpravk\u016f na okna, kter\u00e9 maj\u00ed ve sv\u00e9m slo\u017een\u00ed a\u017e 99 % p\u0159\u00edrodn\u00edch l\u00e1tek, a dokonce jsou v\u00a0lahvi\u010dk\u00e1ch z\u00a0recyklovan\u00e9ho plastu.\u00a0\u00a0\u00a0\u00a0                                                                                                                                                                                                                                                                                                                                                                                                "},{"@context":"https:\/\/schema.org\/","@type":"BreadcrumbList","itemListElement":[{"@type":"ListItem","position":1,"name":"Myjeme okna","item":"https:\/\/www.klacr.cz\/myjeme-okna\/#breadcrumbitem"}]}]