[{"@context":"https:\/\/schema.org\/","@type":"Article","@id":"https:\/\/www.klacr.cz\/nase-spolecnost\/#Article","mainEntityOfPage":"https:\/\/www.klacr.cz\/nase-spolecnost\/","headline":"Na\u0161e spole\u010dnost","name":"Na\u0161e spole\u010dnost","description":"B\u00fdt v\u017edy v dobr\u00e9 spole\u010dnosti je snem\u00a0asi ka\u017ed\u00e9ho \u010dlov\u011bka. Nap\u0159\u00edklad m\u011b by opravdu hodn\u011b vadilo, kdybych musela b\u00fdt takhle spole\u010dnosti, kter\u00e1 mi je velice nep\u0159\u00edjemn\u00e1. A v\u011b\u0159te, \u017ee asi ka\u017ed\u00fd \u010dlov\u011bk n\u011bkdy za\u017eije to, \u017ee je n\u011bco n\u011bkomu velice nep\u0159\u00edjemn\u00e9. Proto si mysl\u00edm, \u017ee \u010dlov\u011bk by si m\u011bl tak\u00e9 po\u0159\u00e1dn\u011b vyb\u00edrat to, kde chce \u017e\u00edt&hellip;","datePublished":"2023-11-30","dateModified":"2023-11-30","author":{"@type":"Person","@id":"https:\/\/www.klacr.cz\/author\/#Person","name":"","url":"https:\/\/www.klacr.cz\/author\/","identifier":1,"image":{"@type":"ImageObject","@id":"https:\/\/secure.gravatar.com\/avatar\/b682f75cb96d085fca5fbc8ca3f08e323444e236f6e6028585b73de81c46f711?s=96&d=mm&r=g","url":"https:\/\/secure.gravatar.com\/avatar\/b682f75cb96d085fca5fbc8ca3f08e323444e236f6e6028585b73de81c46f711?s=96&d=mm&r=g","height":96,"width":96}},"publisher":{"@type":"Organization","name":"klacr.cz","logo":{"@type":"ImageObject","@id":"\/logo.png","url":"\/logo.png","width":600,"height":60}},"image":{"@type":"ImageObject","@id":"https:\/\/www.klacr.cz\/wp-content\/uploads\/couple-7240491_1280.jpg","url":"https:\/\/www.klacr.cz\/wp-content\/uploads\/couple-7240491_1280.jpg","height":0,"width":0},"url":"https:\/\/www.klacr.cz\/nase-spolecnost\/","about":["Spole\u010dnost"],"wordCount":443,"articleBody":"B\u00fdt v\u017edy v dobr\u00e9 spole\u010dnosti je snem\u00a0asi ka\u017ed\u00e9ho \u010dlov\u011bka. Nap\u0159\u00edklad m\u011b by opravdu hodn\u011b vadilo, kdybych musela b\u00fdt takhle spole\u010dnosti, kter\u00e1 mi je velice nep\u0159\u00edjemn\u00e1. A v\u011b\u0159te, \u017ee asi ka\u017ed\u00fd \u010dlov\u011bk n\u011bkdy za\u017eije to, \u017ee je n\u011bco n\u011bkomu velice nep\u0159\u00edjemn\u00e9. Proto si mysl\u00edm, \u017ee \u010dlov\u011bk by si m\u011bl tak\u00e9 po\u0159\u00e1dn\u011b vyb\u00edrat to, kde chce \u017e\u00edt anebo n\u011bjak\u00e9 spole\u010dn\u00fdm zp\u016fsobem chce nach\u00e1zet. N\u011bkdy\u00a0je to opravdu hodn\u011b slo\u017eit\u00e9 a tak\u00e9 n\u00e1ro\u010dn\u00e9, proto\u017ee jsem si \u0159ekla, \u017ee je nejlep\u0161\u00ed, kdy\u017e lid\u00e9 se budou sdru\u017eovat s takov\u00fdmi lidmi, kde je jim p\u0159\u00edjemn\u011b. Anebo tak\u00e9, co se jim l\u00edb\u00ed. Proto si mysl\u00edm, \u017ee lid\u00e9 by si m\u011bli tak\u00e9\u00a0zv\u00e1\u017eit, jak\u00e9 maj\u00ed kamar\u00e1dy anebo jak\u00e9 maj\u00ed partnery. Samoz\u0159ejm\u011b, \u017ee i spole\u010dnost v rodin\u011b m\u016f\u017ee b\u00fdt takov\u00e1 velice nep\u0159\u00edjemn\u00e1. T\u0159eba n\u011bkter\u00fdm lidem se ani nel\u00edb\u00ed, v\u00a0jak\u00e9 rodin\u011b \u017eij\u00ed.\u00a0A zn\u00e1m takov\u00e9 lidi, zn\u00e1m takov\u00e9 lidi, kte\u0159\u00ed \u017eij\u00ed\u00a0tak, ale necht\u011bli by tak \u017e\u00edt. Cht\u011bli by \u017e\u00edt \u00fapln\u011b v jin\u00e9 spole\u010dnosti, jenom\u017ee n\u011bkdy je to hodn\u011b n\u00e1ro\u010dn\u00e9. N\u011bkdy je to a\u017e nemo\u017en\u00e9. Je nemo\u017en\u00e9, aby se lid\u00e9 p\u0159est\u011bhovali n\u011bkam jinam, proto\u017ee t\u0159eba\u00a0nemaj\u00ed na to finance nebo t\u0159eba necht\u011bj\u00ed opustit svou rodinu. Jenom\u017ee \u010dlov\u011bk zase, aby \u017eil cel\u00fd \u017eivot ne\u0161\u0165astn\u011b jak by si nep\u0159\u00e1l, je tak\u00e9 nutn\u00e9 a tak\u00e9 velice. M\u011b samotnou v\u017edycky uchv\u00e1t\u00ed fakt, kdy\u017e mi n\u011bkdo \u0159ekne, \u017ee u\u017e t\u0159eba rezignuje na \u017eivot. \u017de je mu \u00fapln\u011b jedno, jak \u017eije, \u017ee je mu \u00fapln\u011b jedno, jakou m\u00e1 spole\u010dnost, tak j\u00e1 bych ale cht\u011bla doporu\u010dit, \u017ee kdy\u017e budete chodit do pr\u00e1ce, tak v\u017edycky se s nik\u00fdm nepoh\u00e1dat. Nepokl\u00e1dejte a zkuste si tak\u00e9 ud\u011blat opravdu mezi kolegy kamar\u00e1dy. N\u011bkdo \u0159\u00edk\u00e1, \u017ee je \u0161patn\u00e9 si d\u011blat mezi kolegy\u00a0kamar\u00e1dy, \u017ee pr\u00fd potom tam nen\u00ed respekt. Ale mysl\u00edm si, \u017ee kdy\u017e m\u00e1te spole\u010dnost koleg\u016f, se kter\u00fdmi m\u00e1m\u00a0jen dob\u0159e, \u017ee tak\u00e9 mezi nimi m\u016f\u017eete m\u00edt n\u011bkter\u00e9 kamar\u00e1dy anebo dokonce v\u00a0zam\u011bstn\u00e1n\u00ed si naj\u00edt partnera. I kdy\u017e p\u00e1ni \u0161\u00e9fov\u00e9 to nevid\u00ed, pr\u00fd r\u00e1di, i kdy\u017e st\u00e1le j\u00e1 v tom nevid\u00edm \u017e\u00e1dnou logiku. Pro\u010d bych si mezi kolegou z pr\u00e1ce nemohla naj\u00edt partnera?\u00a0                                                                                                                                                                                                                                                                                                                                                                                                "},{"@context":"https:\/\/schema.org\/","@type":"BreadcrumbList","itemListElement":[{"@type":"ListItem","position":1,"name":"Na\u0161e spole\u010dnost","item":"https:\/\/www.klacr.cz\/nase-spolecnost\/#breadcrumbitem"}]}]