[{"@context":"https:\/\/schema.org\/","@type":"Article","@id":"https:\/\/www.klacr.cz\/proc-nekteri-lide-voli-pro-skladovy-kontejner-pronajem\/#Article","mainEntityOfPage":"https:\/\/www.klacr.cz\/proc-nekteri-lide-voli-pro-skladovy-kontejner-pronajem\/","headline":"Pro\u010d n\u011bkte\u0159\u00ed lid\u00e9 vol\u00ed pro skladov\u00fd kontejner pron\u00e1jem","name":"Pro\u010d n\u011bkte\u0159\u00ed lid\u00e9 vol\u00ed pro skladov\u00fd kontejner pron\u00e1jem","description":"Pokud podnik\u00e1me ve v\u00fdrob\u011b, je pravd\u011bpodobn\u00e9, \u017ee budeme d\u0159\u00edve \u010di pozd\u011bji pot\u0159ebovat skladov\u00fd kontejner na p\u0159epravu a uschov\u00e1n\u00ed sv\u00e9ho zbo\u017e\u00ed. Bohu\u017eel se nejedn\u00e1 o levnou z\u00e1le\u017eitost, zvl\u00e1\u0161t\u011b pokud chceme, aby byl skute\u010dn\u011b kvalitn\u00ed. To m\u016f\u017ee b\u00fdt probl\u00e9m zvl\u00e1\u0161t\u011b pro za\u010d\u00ednaj\u00edc\u00ed podnikatele, kte\u0159\u00ed zat\u00edm p\u0159\u00edli\u0161 mnoho pen\u011bz nemaj\u00ed. I pro n\u011b v\u0161ak existuje \u0159e\u0161en\u00ed \u2013 pro&hellip;","datePublished":"2024-04-13","dateModified":"2024-04-13","author":{"@type":"Person","@id":"https:\/\/www.klacr.cz\/author\/#Person","name":"","url":"https:\/\/www.klacr.cz\/author\/","identifier":1,"image":{"@type":"ImageObject","@id":"https:\/\/secure.gravatar.com\/avatar\/b682f75cb96d085fca5fbc8ca3f08e323444e236f6e6028585b73de81c46f711?s=96&d=mm&r=g","url":"https:\/\/secure.gravatar.com\/avatar\/b682f75cb96d085fca5fbc8ca3f08e323444e236f6e6028585b73de81c46f711?s=96&d=mm&r=g","height":96,"width":96}},"publisher":{"@type":"Organization","name":"klacr.cz","logo":{"@type":"ImageObject","@id":"\/logo.png","url":"\/logo.png","width":600,"height":60}},"image":{"@type":"ImageObject","@id":"https:\/\/www.klacr.cz\/wp-content\/uploads\/prepvozik1_3.jpg","url":"https:\/\/www.klacr.cz\/wp-content\/uploads\/prepvozik1_3.jpg","height":0,"width":0},"url":"https:\/\/www.klacr.cz\/proc-nekteri-lide-voli-pro-skladovy-kontejner-pronajem\/","about":["Nakupov\u00e1n\u00ed"],"wordCount":423,"articleBody":"   Pokud podnik\u00e1me ve v\u00fdrob\u011b, je pravd\u011bpodobn\u00e9, \u017ee budeme d\u0159\u00edve \u010di pozd\u011bji pot\u0159ebovat skladov\u00fd kontejner na p\u0159epravu a uschov\u00e1n\u00ed sv\u00e9ho zbo\u017e\u00ed. Bohu\u017eel se nejedn\u00e1 o levnou z\u00e1le\u017eitost, zvl\u00e1\u0161t\u011b pokud chceme, aby byl skute\u010dn\u011b kvalitn\u00ed. To m\u016f\u017ee b\u00fdt probl\u00e9m zvl\u00e1\u0161t\u011b pro za\u010d\u00ednaj\u00edc\u00ed podnikatele, kte\u0159\u00ed zat\u00edm p\u0159\u00edli\u0161 mnoho pen\u011bz nemaj\u00ed. I pro n\u011b v\u0161ak existuje \u0159e\u0161en\u00ed \u2013 pro skladov\u00fd kontejner pron\u00e1jem existuje, a je mo\u017en\u00e9 jej vyu\u017e\u00edt. Jednodu\u0161e \u0159e\u010deno, nam\u00edsto toho, abychom jej kupovali, si ho jednodu\u0161e pronajmeme.Ani toto v\u0161ak nen\u00ed \u0159e\u0161en\u00ed, kter\u00e9 by se hodilo pro ka\u017ed\u00e9ho. Jist\u011b, cena za pron\u00e1jem je podstatn\u011b ni\u017e\u0161\u00ed, ne\u017e cena za koupi, av\u0161ak nemus\u00ed tomu tak b\u00fdt v\u017edy. Zde z\u00e1le\u017e\u00ed na tom, na jak dlouho jej budeme pot\u0159ebovat. V p\u0159\u00edpad\u011b, \u017ee se bude jednat o skute\u010dn\u011b dlouhodob\u00fd pron\u00e1jem, pak m\u016f\u017ee cena, kterou za n\u00e1jem zaplat\u00edme, snadno p\u0159ekro\u010dit \u010d\u00e1stku za nov\u00fd kontejner.D\u00e1le je tu tak\u00e9 fakt, \u017ee pronaj\u00edmatel jej bude cht\u00edt vr\u00e1tit v takov\u00e9m stavu, v jak\u00e9m n\u00e1m jej p\u0159edal. To je samoz\u0159ejm\u00e9, av\u0161ak ne v\u017edy je to mo\u017en\u00e9 dodr\u017eet. N\u011bkdy na\u0161e zbo\u017e\u00ed vy\u017eaduje speci\u00e1ln\u00ed modifikace na kontejneru, aby bylo skute\u010dn\u011b chr\u00e1n\u011bno a vydr\u017eelo v dobr\u00e9m stavu. S t\u00edm samoz\u0159ejm\u011b nebude ka\u017ed\u00fd majitel srozum\u011bn, a to z pochopiteln\u00fdch d\u016fvod\u016f.Mus\u00edme se tedy pt\u00e1t, kter\u00e1 mo\u017enost je pro n\u00e1s skute\u010dn\u011b ta v\u00fdhodn\u011bj\u0161\u00ed, p\u0159edev\u0161\u00edm z dlouhodob\u00e9ho hlediska. Tak\u00e9 je nutn\u00e9 vz\u00edt v \u00favahu to, jak si vede na\u0161e firma. \u010casto se toti\u017e stane, \u017ee si podnikatel koup\u00ed onen kontejner, mnohdy i na dluh, nebo\u0165 o\u010dek\u00e1v\u00e1 zv\u00fd\u0161en\u00ed objemu prodeje. Nakonec se v\u0161ak stane opak a jeho firma zkrachuje. V d\u016fsledku sv\u00e9ho n\u00e1kupu m\u00e1 v\u0161ak nyn\u00ed je\u0161t\u011b v\u011bt\u0161\u00ed dluhy.Proto je v tomto p\u0159\u00edpad\u011b nezbytn\u00e9 individu\u00e1ln\u011b posuzovat ka\u017edou situaci. Ka\u017ed\u00e1 firma je odli\u0161n\u00e1 a m\u00e1 i jin\u00e9 po\u017eadavky. Podle nich se pak mus\u00edme \u0159\u00eddit i p\u0159i jej\u00edm veden\u00ed, tedy alespo\u0148 pokud chceme dos\u00e1hnout \u00fasp\u011bchu na trhu. Ten toti\u017e rozhodn\u011b nep\u0159ich\u00e1z\u00ed snadno, a u\u017e v\u016fbec ne ke ka\u017ed\u00e9mu.                                                                                                                                                                                                                                                                                                                                                                                                  "},{"@context":"https:\/\/schema.org\/","@type":"BreadcrumbList","itemListElement":[{"@type":"ListItem","position":1,"name":"Pro\u010d n\u011bkte\u0159\u00ed lid\u00e9 vol\u00ed pro skladov\u00fd kontejner pron\u00e1jem","item":"https:\/\/www.klacr.cz\/proc-nekteri-lide-voli-pro-skladovy-kontejner-pronajem\/#breadcrumbitem"}]}]