[{"@context":"https:\/\/schema.org\/","@type":"Article","@id":"https:\/\/www.klacr.cz\/vyprodeje-nejen-plynovych-grilu-weber\/#Article","mainEntityOfPage":"https:\/\/www.klacr.cz\/vyprodeje-nejen-plynovych-grilu-weber\/","headline":"V\u00fdprodeje nejen plynov\u00fdch gril\u016f Weber","name":"V\u00fdprodeje nejen plynov\u00fdch gril\u016f Weber","description":"Tak\u017ee a\u0165 u\u017e sh\u00e1n\u00edte nap\u0159\u00edklad p\u0159\u00edslu\u0161enstv\u00ed pro op\u00e9k\u00e1n\u00ed t\u011bch nejchutn\u011bj\u0161\u00edch pokrm\u016f, \u010di se porozhl\u00ed\u017e\u00edte po n\u011bjak\u00e9m za\u0159\u00edzen\u00ed, na kter\u00e9m bude toto op\u00e9k\u00e1n\u00ed provediteln\u00e9, pak se na n\u00e1s ur\u010dit\u011b obra\u0165te a my V\u00e1m garantujeme, \u017ee i v\u00a0na\u0161em v\u00fdprodeji si vyberete produkty, kter\u00e9 V\u00e1m budou maxim\u00e1ln\u011b vyhovovat. Nav\u00edc jsme si pro V\u00e1s v\u0161echna za\u0159\u00edzen\u00ed a p\u0159\u00edslu\u0161enstv\u00ed k\u00a0nim&hellip;","datePublished":"2023-12-30","dateModified":"2023-12-30","author":{"@type":"Person","@id":"https:\/\/www.klacr.cz\/author\/#Person","name":"","url":"https:\/\/www.klacr.cz\/author\/","identifier":1,"image":{"@type":"ImageObject","@id":"https:\/\/secure.gravatar.com\/avatar\/b682f75cb96d085fca5fbc8ca3f08e323444e236f6e6028585b73de81c46f711?s=96&d=mm&r=g","url":"https:\/\/secure.gravatar.com\/avatar\/b682f75cb96d085fca5fbc8ca3f08e323444e236f6e6028585b73de81c46f711?s=96&d=mm&r=g","height":96,"width":96}},"publisher":{"@type":"Organization","name":"klacr.cz","logo":{"@type":"ImageObject","@id":"\/logo.png","url":"\/logo.png","width":600,"height":60}},"url":"https:\/\/www.klacr.cz\/vyprodeje-nejen-plynovych-grilu-weber\/","wordCount":194,"articleBody":"Tak\u017ee a\u0165 u\u017e sh\u00e1n\u00edte nap\u0159\u00edklad p\u0159\u00edslu\u0161enstv\u00ed pro op\u00e9k\u00e1n\u00ed t\u011bch nejchutn\u011bj\u0161\u00edch pokrm\u016f, \u010di se porozhl\u00ed\u017e\u00edte po n\u011bjak\u00e9m za\u0159\u00edzen\u00ed, na kter\u00e9m bude toto op\u00e9k\u00e1n\u00ed provediteln\u00e9, pak se na n\u00e1s ur\u010dit\u011b obra\u0165te a my V\u00e1m garantujeme, \u017ee i v\u00a0na\u0161em v\u00fdprodeji si vyberete produkty, kter\u00e9 V\u00e1m budou maxim\u00e1ln\u011b vyhovovat. Nav\u00edc jsme si pro V\u00e1s v\u0161echna za\u0159\u00edzen\u00ed a p\u0159\u00edslu\u0161enstv\u00ed k\u00a0nim dovolili p\u0159ichystat za velice p\u0159\u00edznivou cenovou nab\u00eddku, tak\u017ee m\u016f\u017eete m\u00edt stoprocentn\u00ed jistotu, \u017ee u n\u00e1s nakoup\u00edte opravdu v\u00fdhodn\u011b.\tReceptyZal\u00edbily se V\u00e1m u n\u00e1s n\u011bjak\u00e9 plynov\u00e9 grily Weber, ale nev\u00edte, jak\u00e9 pokrmy byste na nich p\u0159ipravovali? Pak V\u00e1s ur\u010dit\u011b pot\u011b\u0161\u00ed, \u017ee jsme si pro V\u00e1s p\u0159ipravili spoustu recept\u016f na ty nejlep\u0161\u00ed pokrmy, kter\u00e9 si hned po prvn\u00ed konzumaci zamilujete. Nav\u00edc se jedn\u00e1 o velice jednoduch\u00e9 recepty, tak\u017ee se nemus\u00edte ani v\u00a0nejmen\u0161\u00edm ob\u00e1vat toho, \u017ee byste toto j\u00eddlo nezvl\u00e1dli.                                                                                                                                                                                                                                                                                                                                                                                                "},{"@context":"https:\/\/schema.org\/","@type":"BreadcrumbList","itemListElement":[{"@type":"ListItem","position":1,"name":"V\u00fdprodeje nejen plynov\u00fdch gril\u016f Weber","item":"https:\/\/www.klacr.cz\/vyprodeje-nejen-plynovych-grilu-weber\/#breadcrumbitem"}]}]